{"id":29,"date":"2008-04-30T18:46:51","date_gmt":"2008-04-30T18:46:51","guid":{"rendered":"http:\/\/global-labour.info\/fr\/2008\/04\/30\/2008\/"},"modified":"2022-03-11T14:21:06","modified_gmt":"2022-03-11T14:21:06","slug":"2008","status":"publish","type":"post","link":"https:\/\/global-labour.info\/fr\/2008\/04\/30\/2008\/","title":{"rendered":"Rapport d\u2019activit\u00e9s 2008"},"content":{"rendered":"<p><strong>Le contexte politique<\/strong><br \/>\nL\u2019ann\u00e9e 2008 a constitu\u00e9 un point tournant en raison de la crise du syst\u00e8me capitaliste global, la pire crise depuis la Grande D\u00e9pression des ann\u00e9es 1930. Sa gravit\u00e9 ne saurait \u00eatre exag\u00e9r\u00e9e.<\/p>\n<p>Cette crise, comme celle des ann\u00e9es 1930, comporte de nombreuses dimensions. On peut en fait dire que plusieurs crises li\u00e9es entre elles attteignent aujourd\u2019hui leur point critique : la crise du syst\u00e8me financier, qui s\u2019\u00e9tend \u00e0 toute l\u2019\u00e9conomie, les pressions d\u00e9mesur\u00e9es exerc\u00e9es sur l\u2019environnement, la crise alimentaire, la crise \u00e9nerg\u00e9tique ; la crise sociale due \u00e0 l\u2019aggravation des in\u00e9galit\u00e9s et de la pauvret\u00e9 ; et in\u00e9vitablement, une crise culturelle, id\u00e9ologique et politique.<\/p>\n<p>Certains pays sont plus touch\u00e9s, ou diff\u00e9remment, que d\u2019autres, mais aucun n\u2019est \u00e0 l\u2019abri des r\u00e9percussions. La direction que prendra la crise \u00e9conomique et ses cons\u00e9quences finales sont impr\u00e9visibles. Rien n\u2019est inscrit dans le marbre ou in\u00e9vitable : son issue d\u00e9pendra de la mani\u00e8re dont r\u00e9agira la soci\u00e9t\u00e9 mondiale, r\u00e9action qui pour l\u2019instant reste la grande inconnue.<\/p>\n<p>Il n\u2019est pas possible dans ce bref rapport d\u2019aborder tous les aspects de la crise. Nous mettrons l\u2019accent sur ses cons\u00e9quences imm\u00e9diates pour la classe ouvri\u00e8re et le mouvement syndical international.<\/p>\n<p>Comme le note le BIT, ce qui avait commenc\u00e9 comme une crise des march\u00e9s financiers s\u2019est rapidement transform\u00e9e en une crise mondiale de l\u2019emploi : \u00ab par rapport \u00e0 2007, le nombre de ch\u00f4meurs pourrait augmenter de 18 \u00e0 30 millions \u00e0 travers le monde, et m\u00eame de 51 millions si la situation continue de se d\u00e9t\u00e9riorer\u00bb, ce qui est probable. Le rapport sur les Tendances mondiales de l\u2019emploi de l\u2019OIT pr\u00e9voit \u00e9galement que :<br \/>\n\u00ab Le nombre de travailleurs pauvres \u2013 les personnes qui ne gagnent pas de quoi se hisser eux et leurs familles au-dessus du seuil de 2 $ par personne et par jour pourrait atteindre 1,4 milliard, soit pr\u00e8s de 45 pour cent de la population active mondiale ayant un emploi.<br \/>\nEn 2009, la proportion de travailleurs en situation d\u2019emploi vuln\u00e9rable \u2013 travaillant soit \u00e0 leur propre compte, soit comme travailleurs familiaux non r\u00e9mun\u00e9r\u00e9s, avec un risque plus \u00e9lev\u00e9 de se retrouver sans protection en p\u00e9riode de difficult\u00e9s \u00e9conomiques \u2013 augmenterait consid\u00e9rablement pour atteindre pr\u00e8s de 53 pour cent de la population active ayant un emploi. \u00bb<\/p>\n<p>Les cons\u00e9quences de ces \u00e9volutions sur le mouvement syndical sont \u00e9videntes : elles vont exercer des pressions \u00e9normes sur le march\u00e9 du travail mondial et entra\u00eener une nouvelle \u00e9rosion des effectifs syndicaux \u2013 tous les autres facteurs restant par ailleurs \u00e9gaux.<br \/>\nDans un autre document, le Rapport mondial sur les salaires 2008\/2009, le BIT pr\u00e9vient, sans surprise, qu\u2019une \u00ab croissance \u00e9conomique ralentie voire n\u00e9gative, combin\u00e9e \u00e0 une hausse du prix des aliments et de l\u2019\u00e9nergie, va amputer le salaire r\u00e9el de nombreux travailleurs, particuli\u00e8rement les m\u00e9nages \u00e0 revenus faibles ou les plus pauvres.<\/p>\n<p>Sur la base des derniers chiffres du BIT sur la croissance, l\u2019organisation pr\u00e9voit que la croissance mondiale en termes de salaires r\u00e9els atteindra au mieux 1,1 pour cent en 2009, compar\u00e9 \u00e0 1,7 pour cent en 2008, mais que les salaires devraient d\u00e9cliner dans plusieurs pays, y compris dans les \u00e9conomies avanc\u00e9es. Dans l\u2019ensemble, les salaires devraient conna\u00eetre une croissance n\u00e9gative, de 0,8 pour cent en 2008 \u00e0 -0,5 pour cent en 2009. Cette \u00e9volution fait suite \u00e0 une d\u00e9cennie o\u00f9 les r\u00e9mun\u00e9rations \u00e9taient d\u00e9j\u00e0 \u00e0 la tra\u00eene de la croissance \u00e9conomique : dans les trois-quarts des pays dans le monde, la part des r\u00e9mun\u00e9rations dans le PIB a d\u00e9clin\u00e9 entre 1995 et 2007.<\/p>\n<p>La r\u00e9ponse sociale \u00e0 cette attaque contre la vie des travailleurs a jusqu\u2019ici \u00e9t\u00e9 \u00e9tonnamment faible. Les pertes d\u2019emploi massives, l\u2019in\u00e9galit\u00e9 croissante, (qui comme le note le BIT, \u00ab repr\u00e9sente un danger pour le tissu social ainsi que pour l\u2019efficacit\u00e9 \u00e9conomique quand elle devient excessive \u00bb), le d\u00e9mant\u00e8lement des syst\u00e8mes de protection sociale, et m\u00eame la profonde col\u00e8re de l\u2019opinion publique \u00e0 propos du pillage d\u2019actifs productifs par les directions n\u2019ont qu\u2019ici et l\u00e0 donn\u00e9 lieu \u00e0 des gr\u00e8ves ou des manifestations \u00e0 grande \u00e9chelle (en Gr\u00e8ce, Islande, Lettonie, Lituanie). Pour l\u2019instant.<\/p>\n<p>Il n\u2019en reste pas moins que l\u2019\u00e9lite au pouvoir s\u2019inqui\u00e8te. Nous avons assist\u00e9 \u00e0 l\u2019incroyable spectacle de l\u2019effondrement du fondamentalisme n\u00e9olib\u00e9ral qui impr\u00e9gnait les discours publics depuis les ann\u00e9es 1980 (le \u00ab consensus de Washington \u00bb), au spectacle des gouvernements des principales \u00e9conomies avanc\u00e9es injectant des milliards de l\u2019argent des contribuables (qui para\u00eet-il n\u2019\u00e9taient pas jusque-l\u00e0 disponibles pour les services publics et la protection sociale) dans des banques et entreprises en faillite et dans des projets de d\u00e9penses publiques.<\/p>\n<p>Il ne faut toutefois pas confondre l\u2019effondrement du n\u00e9olib\u00e9ralisme avec l\u2019effondrement du capitalisme. Walden Bello, un analyste politique du r\u00e9seau Focus on the Global South et l\u2019un des \u00e9conomistes socialistes les plus perspicaces, estime que plusieurs issues \u00e0 la crise sont possibles :<\/p>\n<p>\u00ab La propri\u00e9t\u00e9, l\u2019intervention et le contr\u00f4le de l\u2019\u00c9tat ne seront-ils utilis\u00e9s que pour stabiliser le capitalisme, apr\u00e8s quoi ce contr\u00f4le sera-t-il rendu aux \u00e9lites corporatives ? Verrons-nous une seconde phase de capitalisme keyn\u00e9sien, au cours de laquelle l\u2019\u00c9tat et les \u00e9lites corporatives d\u00e9finiront avec les organisations syndicales un partenariat bas\u00e9 sur une politique sociale, la croissance et des salaires \u00e9lev\u00e9s\u2014avec cette fois-ci une dimension verte ? Ou serons-nous t\u00e9moins du d\u00e9but d\u2019un d\u00e9placement fondamental de la propri\u00e9t\u00e9 et du contr\u00f4le de l\u2019\u00e9conomie dans une direction plus citoyenne ? Le syst\u00e8me de capitalisme global impose certainement des limites \u00e0 la r\u00e9forme, mais en aucun autre temps dans ce dernier demi-si\u00e8cle, ces limites n\u2019ont paru plus perm\u00e9ables \u00bb.<\/p>\n<p>Bello estime qu\u2019une strat\u00e9gie de survie possible du syst\u00e8me pourrait \u00eatre l\u2019adoption d\u2019un ensemble de politiques qu\u2019il appelle \u00ab social-d\u00e9mocratie globale \u00bb, destin\u00e9e \u00e0 \u00e9tablir un ordre social r\u00e9form\u00e9 et un consensus id\u00e9ologique revitalis\u00e9 pour le capitalisme mondial. (Pour le d\u00e9tail de ces politiques, son article \u00ab The Coming Capitalist Consensus \u00bb peut \u00eatre consult\u00e9 (en anglais) sur le site web du GLI, sous la rubrique Capitalism).<\/p>\n<p>Par d\u00e9finition, l\u2019essentiel de ces politiques \u00e9tait celles de la social-d\u00e9mocratie avant qu\u2019elle n\u2019adopte et n\u2019int\u00e9riorise le n\u00e9olib\u00e9ralisme au cours d\u2019une longue d\u00e9gringolade id\u00e9ologique, de Bad Godesberg au \u00ab New Labour \u00bb, et \u00e0 la \u00ab Troisi\u00e8me Voie \u00bb, etc. Comme l\u2019\u00e9crivait r\u00e9cemment Kevin Rudd, le Premier ministre travailliste australien : \u00ab Au plan international, le d\u00e9fi, ayant des pr\u00e9c\u00e9dents historiques, pos\u00e9 aux social-d\u00e9mocrates est de sauver le capitalisme de lui-m\u00eame \u00bb\u2014tout en se proposant, dans une certaine mesure, de faire pr\u00e9cis\u00e9ment cela (\u00ab le second d\u00e9fi auquel sont confront\u00e9s les social-d\u00e9mocrates est de ne pas jeter le b\u00e9b\u00e9 avec l\u2019eau du bain\u2014le b\u00e9b\u00e9 \u00e9tant le \u00ab march\u00e9 \u00bb et l\u2019eau du bain le n\u00e9olib\u00e9ralisme). &#8220;The Global Financial Crisis&#8221;, par Kevin Rudd, <i>The Monthly<\/i> (Melbourne), f\u00e9vrier 2009 (<a href=\"http:\/\/www.themonthly.com.au\">http:\/\/www.themonthly.com.au<\/a>)<\/p>\n<p>Le d\u00e9fi pos\u00e9 aux social-d\u00e9mocrates devrait \u00eatre bien s\u00fbr d\u2019enterrer le capitalisme et pas de le sauver de lui-m\u00eame. L\u2019ironie et la trag\u00e9die de la situation est qu\u2019au moment pr\u00e9cis o\u00f9 ses objectifs historiques (\u00ab le d\u00e9placement fondamental de la propri\u00e9t\u00e9 et du contr\u00f4le de l\u2019\u00e9conomie dans une direction plus citoyenne \u00bb) sont \u00e0 nouveau \u00e0 sa port\u00e9e, la social-d\u00e9mocratie internationale s\u2019est transform\u00e9e en une social-technocratie st\u00e9rile au plan id\u00e9ologique, sans imagination ni courage.<\/p>\n<p>Un aspect secondaire de cette trag\u00e9die est l\u2019incapacit\u00e9 de cette social-technocratie \u00e0 offrir autre chose depuis les ann\u00e9es 1990 que le \u00ab march\u00e9 libre\u00bb aux soci\u00e9t\u00e9s issues des d\u00e9combres du collectivisme bureaucratique du bloc sovi\u00e9tique, donnant ainsi naissance au capitalisme voyou et, apr\u00e8s la chute des dictatures fascistes en Gr\u00e8ce, en Espagne et au Portugal, \u00e0 l\u2019\u00e9mergence des r\u00e9gimes les plus corrompus, r\u00e9actionnaires et antisyndicaux de l\u2019histoire europ\u00e9enne d\u2019apr\u00e8s-guerre.<\/p>\n<p>Un autre \u00e9v\u00e9nement marquant de 2008 a \u00e9t\u00e9 l\u2019\u00e9lection d\u2019un Afro-Am\u00e9ricain progressiste \u00e0 la pr\u00e9sidence des Etats-Unis qui, malgr\u00e9 les discours sur la \u00ab multipolarit\u00e9 \u00bb, restent la principale puissance et \u00e9conomie mondiales. Il a \u00e9t\u00e9 port\u00e9 \u00e0 la pr\u00e9sidence par un puissant mouvement populaire, avec des sentiments de gauche, mais sans objectifs clairement d\u00e9clar\u00e9s, avec un mandat clair pour le \u00ab changement \u00bb, mais aussi une grande marge de manoeuvre d\u00e8s lors qu\u2019il s\u2019agit d\u2019interpr\u00e9ter ce mandat. Il est probable qu\u2019Obama prenne la t\u00eate de ce projet de \u00ab social-d\u00e9mocratie globale \u00bb. Comme l\u2019\u00e9crit Bello : \u00ab Obama a le talent rh\u00e9torique pour r\u00e9concilier des discours politiques diff\u00e9rents. Il est aussi une inconnue pour ce qui est de l\u2019\u00e9conomie. Comme Franklin Roosevelt, il n\u2019est pas assujetti aux formules de l\u2019ancien r\u00e9gime. C\u2019est un politicien pragmatique dont le crit\u00e8re premier est celui du succ\u00e8s de la gestion sociale. En tant que tel, il est parfaitement plac\u00e9 pour prendre la t\u00eate de cet ambitieux programme r\u00e9formiste \u00bb.<\/p>\n<p>Mais est-ce vraiment cela que nous voulons ? \u00ab La fonction historique de la social-d\u00e9mocratie globale est d\u2019aplanir les contradictions du capitalisme mondial contemporain et de lui donner une nouvelle l\u00e9gitimit\u00e9 apr\u00e8s la crise et le chaos laiss\u00e9 par le n\u00e9olib\u00e9ralisme\u2026Comme l\u2019ancien r\u00e9gime keyn\u00e9sien d\u2019apr\u00e8s-guerre, la social-d\u00e9mocratie globale a pour objectif la gestion sociale, tandis que celui de la perspective progressiste est la lib\u00e9ration sociale \u00bb.<\/p>\n<p>La \u00ab social-d\u00e9mocratie globale \u00bb peut sembler \u00eatre la meilleure option pour un mouvement d\u00e9moralis\u00e9 et \u00e0 la d\u00e9rive, accul\u00e9 \u00e0 la soumission par des d\u00e9cennies de r\u00e9pression et de compromissions, mais ce n\u2019est qu\u2019une option \u00e0 court terme. Tant que les relations de pouvoir mondiales existantes resteront en place, le capital transnational n\u2019adh\u00e9rera \u00e0 la \u00ab social-d\u00e9mocratie globale \u00bb que le temps n\u00e9cessaire pour se regrouper politiquement, et lorsqu\u2019il nous entra\u00eenera dans la prochaine crise, il sera mieux pr\u00e9par\u00e9 \u00e0 r\u00e9primer toute contestation de son h\u00e9g\u00e9monie, ayant appris de cette exp\u00e9rience. Il n\u2019y aura plus de fables n\u00e9olib\u00e9rales, mais le recours impitoyable \u00e0 l\u2019autorit\u00e9 de l\u2019\u00c9tat et toute sa force militaire. Pour contrecarrer ce sc\u00e9nario, nous devons saisir l\u2019instant et frapper au coeur de son pouvoir.<\/p>\n<p>Le d\u00e9fi pos\u00e9 au mouvement syndical est de retrouver la confiance en soi, l\u2019imagination et le courage qui en ont fait une force importante du changement social, de relever son niveau d\u2019ambition, d\u2019engager une lutte pour des mod\u00e8les d\u2019organisation sociale qui \u00ab vise sans h\u00e9siter l\u2019\u00e9galit\u00e9 et le contr\u00f4le d\u00e9mocratique participatif tant des \u00e9conomies nationales que de l\u2019\u00e9conomie mondiale comme conditions pr\u00e9alables \u00e0 la lib\u00e9ration individuelle et collective \u00bb. Et une lutte pour la justice, et pour la libert\u00e9.<br \/>\nLe mouvement syndical tel qu\u2019il existe aujourd\u2019hui n\u2019est pas en mesure de relever ce d\u00e9fi. Pour ce faire, un processus de renouveau syndical, auquel beaucoup aspirent, mais qui n\u2019a pas encore trouv\u00e9 \u00e0 se concr\u00e9tiser, doit se d\u00e9velopper et suivre son cours.<\/p>\n<p>L\u2019impulsion pour un renouveau du mouvement syndical ne viendra pas du haut, et surtout pas au niveau international. Elle ne viendra pas des gourous autoritaires favorables aux strat\u00e9gies de syndicalisation du haut vers le bas (coupl\u00e9es \u00e0 une version extr\u00eame de l\u2019id\u00e9e du partenariat social), ni de ceux qui n\u2019ont d\u2019autre id\u00e9ologie \u00e0 offrir que les Objectifs du Mill\u00e9naire de l\u2019ONU ou le Programme pour un travail d\u00e9cent de l\u2019OIT et qui font d\u00e9j\u00e0 partie politiquement du syst\u00e8me des Nations unies. Elle ne viendra pas non plus de ceux qui ont pratiquement fusionn\u00e9 avec la social-technocratie de l\u2019UE et qui sont devenus si serviles qu\u2019ils ne sont plus capables de contester les attaques les plus \u00e9hont\u00e9es contre les droits syndicaux de la part d\u2019institutions europ\u00e9ennes dont le mandat est de d\u00e9fendre les \u00ab droits du capital \u00bb \u00e0 l\u2019exclusion de tout autre.<\/p>\n<p>Cette impulsion devra venir d\u2019une lame de fond de militantisme et pour faire une vraie diff\u00e9rence, elle devra relier le \u00ab Sud \u00bb politique (qui est toujours au second plan politiquement et syndicalement, malgr\u00e9 le fait qu\u2019il abrite la plus grande partie de la population mondiale) \u00e0 l\u2019Europe et \u00e0 l\u2019Am\u00e9rique du Nord. Certaines \u00e9volutions politiques (l\u2019adoption d\u2019une l\u00e9gislation pro-syndicale aux Etats-Unis ou un virage \u00e0 gauche en Europe) pourraient aider, mais tout repose fondamentalement sur la capacit\u00e9 des forces d\u00e9mocratiques et militantes existantes \u00e0 former des alliances durables sur la base d\u2019un programme progressiste.<\/p>\n<p>O\u00f9 sont donc ces forces d\u00e9mocratiques et militantes ? Des mouvements sociaux de plus en plus coordonn\u00e9s et puissants multiplient les rencontres et la mise sur pied de programmes d\u2019action. Ils affirment des politiques concr\u00e8tes et sp\u00e9cifiques qui devraient, pour la plupart, \u00e9galement faire partie d\u2019un programme du mouvement syndical international. Leur diversit\u00e9 et leur incapacit\u00e9 (pour l\u2019instant) \u00e0 transformer leurs masses en un mouvement unifi\u00e9 avec des objectifs clairs ne doit pas nous conduire \u00e0 sous-estimer leur v\u00e9ritable potentiel et pouvoir. (En 2009, le contraste entre le Forum de Davos d\u00e9prim\u00e9 et le Forum social de Belem, anim\u00e9 et optimiste, n\u2019aurait pu \u00eatre plus parlant). Dans ce contexte, un mouvement syndical qui a retrouv\u00e9 son ind\u00e9pendance politique, et renonc\u00e9 aux projets social-technocrates et qui se souvient de son objectif premier pourrait \u00eatre l\u2019un des moteurs du changement dont nous avons besoin.<\/p>\n<p><strong>R\u00e9unions<\/strong><br \/>\n14 et 15 mars (DG) : retraite de Rotschuo<br \/>\n27 mai \u2013 13 juin (KP) : participation \u00e0 la CIT en tant que d\u00e9l\u00e9gu\u00e9e du DGB (Conf\u00e9d\u00e9ration allemande des syndicats) Gen\u00e8ve<br \/>\n4 juin (DG, KP) : comit\u00e9 de coordination international sur la syndicalisation des travailleurs de l\u2019\u00e9conomie informelle, BIT, Gen\u00e8ve<br \/>\n4 juin (KP) : comit\u00e9 directeur par int\u00e9rim, projet de l\u2019UITA sur les travailleurs \u00e0 domicile, Gen\u00e8ve<br \/>\n17 et 18 juin (DG) : Laboratoire Relations Sociales Danone, Paris<\/p>\n<p><strong>WIEGO<\/strong><br \/>\n14 f\u00e9vrier (KP) : R\u00e9union avec Walter Riester (ancien ministre allemand du Travail) et Bianca K\u00fchl (DGB) sur la ratification de la convention 177, Berlin<br \/>\nDu 26 au 29 f\u00e9vrier (KP) : R\u00e9union avec GPA (F\u00e9d\u00e9ration autrichienne des employ\u00e9s et cadres), \u00d6GB (conf\u00e9d\u00e9ration autrichienne des syndicats), Frauensolidarit\u00e4t sur le travail pr\u00e9caire et informel, ratification de la convention 177, Vienne<br \/>\nDu 3 au 5 mars (KP) : invit\u00e9e par la FIAET pour pr\u00e9senter un expos\u00e9 sur l\u2019\u00e9conomie informelle mondiale pour les syndicalistes britanniques, Eastbourne<br \/>\n3 et 4 avril (KP) : Conf\u00e9rence sur la pauvret\u00e9 et les droits humains, Justitia &amp; Pax : expos\u00e9 sur les normes de l\u2019OIT pour les travailleurs du secteur informel, Berlin<br \/>\n7 et 8 avril (DG) : HomeNet South Asia et Fondation Friedrich Ebert Inde : S\u00e9minaire r\u00e9gional sur les travailleurs \u00e0 domicile en Asie : construire une pr\u00e9sence r\u00e9gionale, Bombay<br \/>\n15 avril (KP) : Universit\u00e9 de I\u00e9na : expos\u00e9 sur la syndicalisation des travailleurs du secteur informel, I\u00e9na<br \/>\n24 avril (DG, KP) : R\u00e9union avec Zoltan Doka, directeur des programmes internationaux, Oeuvre suisse d&#8217;entraide ouvri\u00e8re (OSEO), Z\u00fcrich (discussions sur une coop\u00e9ration en Europe orientale)<br \/>\n6 juin (DG) : Comit\u00e9 consultatif, programme de syndicalisation et de repr\u00e9sentation, Carouge, Gen\u00e8ve<br \/>\n6 juin (DG) : Comit\u00e9 directeur, Carouge, Gen\u00e8ve<br \/>\n7 et 8 juin (DG, KP) : Comit\u00e9 de pilotage, Cartigny, Gen\u00e8ve<br \/>\n19 et 20 juin (KP) : participation \u00e0 la conf\u00e9rence du DGB sur l\u2019emploi pr\u00e9caire en Europe, Berlin<br \/>\n24 juin (DG) : D\u00eener avec Ela Bhatt<br \/>\n8 et 9 septembre (KP) : s\u00e9minaire sur l\u2019emploi pr\u00e9caire en Europe (EU-ZAUBER) Projet : expos\u00e9 sur l\u2019\u00e9conomie informelle en Europe, Berlin<br \/>\n9 septembre (KP) : R\u00e9union au Minist\u00e8re allemand du Travail avec des repr\u00e9sentants du DGB pour discuter des obstacles \u00e0 la ratification de la convention 177, Berlin<br \/>\nDu 28 au 30 septembre (KP) : R\u00e9union internationale d\u2019organisations des travailleurs \u00e0 domicile (mise sur pied d\u2019un comit\u00e9 de pilotage), Gen\u00e8ve<br \/>\nDu 21 au 23 octobre (KP) : participation \u00e0 la conf\u00e9rence d\u2019ETI (Ethical Trading Initiative), Londres<br \/>\nDu 1er au 6 novembre (KP) : r\u00e9union du personnel de WIEGO, Boston<br \/>\nDu 13 au 15 novembre (KP) : Congr\u00e8s d\u2019EU-ZAUBER : expos\u00e9 sur l\u2019\u00e9conomie informelle, Osnabr\u00fcck<br \/>\n19 et 20 novembre (KP) : s\u00e9minaire WIEGO\/FES sur la syndicalisation des travailleurs du secteur informel en Europe orientale, Varsovie<br \/>\nGroupe de travail suisse sur l\u2019emploi pr\u00e9caire (\u00ab Denknetz \u00bb) (KP) : 17 janvier, 10 avril, 26 ao\u00fbt, 16 d\u00e9cembre, Berne<br \/>\nProjet pilote local sur la syndicalisation des travailleurs \u00e0 domicile (KP) : 5 mai, 30 juin, 19 septembre, 26 novembre (Bremen)<\/p>\n<p><strong>Parti socialiste suisse<\/strong><br \/>\n7 mars (DG) : r\u00e9union \u00e0 la m\u00e9moire de Robert Grimm, Berne<br \/>\n17 mai (DG) : Oltener Kreis\/Cercle d\u2019Olten, Assembl\u00e9e g\u00e9n\u00e9rale, Berne<br \/>\nComit\u00e9 de politique \u00e9trang\u00e8re : 15 septembre, 1er d\u00e9cembre, Berne<br \/>\nColl\u00e8ge du travail (DG) : r\u00e9union du conseil de fondation: 15 octobre, comit\u00e9 \u00e9ditorial : 12 et 26 novembre, Gen\u00e8ve<br \/>\nPages de Gauche (DG) : comit\u00e9 \u00e9ditorial, 29 ao\u00fbt, 24 octobre, 12 d\u00e9cembre, Lausanne<br \/>\nSolifonds<br \/>\nR\u00e9union et lancement d\u2019un livre pour le 25e anniversaire, 30 avril, Gen\u00e8ve (DG, KP)<br \/>\nR\u00e9union du conseil de fondation (DG) : 28 mai (Berne), 5 novembre (Z\u00fcrich)<\/p>\n<p><strong>Publications<\/strong><br \/>\nDG: Die Gegenmacht der internationalen Gewerkschaftsbewegung im Zeitalter der Globalisierung, in: Dieses kostbare Gut der Solidarit\u00e4t \u2013 25 Jahre Solifonds, Stefan Howald (Hrsg.), edition 8, Z\u00fcrich, 208 p., 2008<br \/>\nDG: Le contre-pouvoir du syndicalisme international \u00e0 l&#8217;\u00e8re de la mondialisation, dans: La solidarit\u00e9, une valeur s\u00fbre \u2013 Les 25 ans du Solifonds,<br \/>\npr\u00e9sent\u00e9 par Stefan Howald, edition 8, Zurich, 204 p., 2008<br \/>\nDG: International Framework Agreements \u2013 A Reassessment, in: Cross-Border Social Dialogue and Agreements: An emerging global industrial relations network?, Konstantinos Papadakis (ed.), ILO and International Institute for Labour Studies, Geneva, 2008<\/p>\n<p><strong>Activit\u00e9s et d\u00e9veloppements<\/strong><br \/>\nDG est toujours membre des comit\u00e9s de pilotage et de direction de WIEGO, ainsi que membre du comit\u00e9 consultatif du programme de syndicalisation et de repr\u00e9sentation (ORP) de WIEGO. Le GLI est toujours membre associ\u00e9 institutionnel de WIEGO. KP reste consultante r\u00e9gionale de WIEGO pour l\u2019Europe et contribue au d\u00e9veloppement d\u2019un r\u00e9seau internaional d\u2019organisations de travailleurs \u00e0 domicile, en coop\u00e9ration avec l\u2019UITA et WIEGO ORP.<\/p>\n<p>Le travail en vue de nouvelles ratifications de la convention 177 sur le travail \u00e0 domicile s\u2019est poursuivi, principalement en coop\u00e9ration avec HomeNet South Asia (en ciblant notamment le N\u00e9pal) et avec DGB et Justitia &amp;Pax en Allemagne.<br \/>\nDepuis le mois de juillet, le GLI a un nouveau site Web dans les cinq langues de travail (anglais, fran\u00e7ais, allemand, espagnol et langues scandinaves). Le site a \u00e9t\u00e9 r\u00e9organis\u00e9 avec l\u2019aide de Eric Lee et est \u00e0 pr\u00e9sent d\u2019une utilisation plus facile. Bien que la version anglaise reste la plus importante, une grande quantit\u00e9 de documents ont \u00e9t\u00e9 ajout\u00e9s dans toutes les langues. Le travail sur le site se poursuit r\u00e9guli\u00e8rement.<br \/>\nLe Coll\u00e8ge du Travail pr\u00e9pare une anthologie des \u00e9crits repr\u00e9sentatifs de DG (en fran\u00e7ais). Le livre doit para\u00eetre dans le courant 2009.<br \/>\nLe travail sur une brochure de l\u2019histoire du mouvement ouvrier (en fran\u00e7ais) pour le parti socialiste du canton de Vaud, bas\u00e9e sur une s\u00e9rie de quatre cours donn\u00e9s en 2007, a du \u00eatre interrompu en raisons d\u2019engagements incontournables. Il sera une priorit\u00e9 en 2009.<\/p>\n<p>DG a d\u00e9mission\u00e9 du comit\u00e9 \u00e9ditorial du Centre international pour les droits syndicaux (ICTUR) le 25 ao\u00fbt. Les r\u00e9dacteurs avaient invit\u00e9 Osiris Oviedo, du d\u00e9partement international de la Conf\u00e9d\u00e9ration syndicale cubaine (CTC), qui est \u00e9galement secr\u00e9taire g\u00e9n\u00e9rale adjointe de la FSM et repr\u00e9sentante permanente de la FSM \u00e0 Gen\u00e8ve, \u00e0 contribuer \u00e0 un num\u00e9ro sp\u00e9cial de la revue du ICTUR sur les droits humains et syndicaux. DG a fait objection en arguant du fait que les \u00c9tats o\u00f9 se trouvent les principales affili\u00e9es de la FSM, et en particulier le r\u00e9gime cubain, sont parmi les principaux contrevenants aux droits humains et syndicaux et qu\u2019il n\u2019\u00e9tait pas appropri\u00e9 de lui donner une tribune dans la revue sur ce sujet. Une majorit\u00e9 du comit\u00e9 \u00e9ditorial a d\u00e9cid\u00e9 de maintenir l\u2019invitation et DG a d\u00e9mission\u00e9 en cons\u00e9quence.<\/p>\n<p><strong>Secr\u00e9tariat<\/strong><br \/>\nKarin Pape a continu\u00e9 \u00e0 travailler \u00e0 temps partiel comme assistante administrative, et comme chercheuse et auteure sur les probl\u00e8mes du travail informel (voir ci-dessus).<br \/>\nComme par le pass\u00e9 Oscar et Nora Payuyo ont \u00e9t\u00e9 responsable de l&#8217;entretien et du nettoyage.<\/p>\n<p><strong>Finances<\/strong><br \/>\nMarianne Grobet-Wellner a tenu les comptes du GLI pendant la p\u00e9riode en examen.<br \/>\nLe rapport financier 2008 est joint en annexe.<\/p>\n<p><a href=\"\/fr\/wp-content\/uploads\/sites\/3\/2018\/09\/GLIB09_Pertes-ProfitsBilan-2008_.pdf\">T\u00e9l\u00e9chargez bilan et profits-pertes<\/a><\/p>\n","protected":false},"excerpt":{"rendered":"<p>Le contexte politique L\u2019ann\u00e9e 2008 a constitu\u00e9 un point tournant en raison de la crise du syst\u00e8me capitaliste global, la pire crise depuis la Grande D\u00e9pression des ann\u00e9es 1930. Sa gravit\u00e9 ne saurait \u00eatre exag\u00e9r\u00e9e. Cette crise, comme celle des ann\u00e9es 1930, comporte de nombreuses dimensions. On peut en fait dire que plusieurs crises li\u00e9es [&hellip;]<\/p>\n","protected":false},"author":3,"featured_media":0,"comment_status":"closed","ping_status":"closed","sticky":false,"template":"","format":"standard","meta":[],"categories":[7],"tags":[],"_links":{"self":[{"href":"https:\/\/global-labour.info\/fr\/wp-json\/wp\/v2\/posts\/29"}],"collection":[{"href":"https:\/\/global-labour.info\/fr\/wp-json\/wp\/v2\/posts"}],"about":[{"href":"https:\/\/global-labour.info\/fr\/wp-json\/wp\/v2\/types\/post"}],"author":[{"embeddable":true,"href":"https:\/\/global-labour.info\/fr\/wp-json\/wp\/v2\/users\/3"}],"replies":[{"embeddable":true,"href":"https:\/\/global-labour.info\/fr\/wp-json\/wp\/v2\/comments?post=29"}],"version-history":[{"count":3,"href":"https:\/\/global-labour.info\/fr\/wp-json\/wp\/v2\/posts\/29\/revisions"}],"predecessor-version":[{"id":642,"href":"https:\/\/global-labour.info\/fr\/wp-json\/wp\/v2\/posts\/29\/revisions\/642"}],"wp:attachment":[{"href":"https:\/\/global-labour.info\/fr\/wp-json\/wp\/v2\/media?parent=29"}],"wp:term":[{"taxonomy":"category","embeddable":true,"href":"https:\/\/global-labour.info\/fr\/wp-json\/wp\/v2\/categories?post=29"},{"taxonomy":"post_tag","embeddable":true,"href":"https:\/\/global-labour.info\/fr\/wp-json\/wp\/v2\/tags?post=29"}],"curies":[{"name":"wp","href":"https:\/\/api.w.org\/{rel}","templated":true}]}}